{"id":1579,"date":"2024-08-05T20:37:00","date_gmt":"2024-08-05T23:37:00","guid":{"rendered":"https:\/\/mm-br.com\/es\/?p=1579"},"modified":"2024-08-05T21:46:25","modified_gmt":"2024-08-06T00:46:25","slug":"la-primera-edicion-de-ifat-brasil-supera-las-expectativas-y-reune-a-mas-de-20-000-profesionales-del-saneamiento","status":"publish","type":"post","link":"https:\/\/mm-br.com\/es\/eventos\/la-primera-edicion-de-ifat-brasil-supera-las-expectativas-y-reune-a-mas-de-20-000-profesionales-del-saneamiento\/","title":{"rendered":"La primera edici\u00f3n de IFAT Brasil supera las expectativas y re\u00fane a m\u00e1s de 20.000 profesionales del saneamiento"},"content":{"rendered":"\n<ul class=\"wp-block-list\">\n<li><strong>M\u00e1s de 160 marcas de 16 pa\u00edses en m\u00e1s de 11.000 metros cuadrados <\/strong><\/li>\n\n\n\n<li><strong>M\u00e1s de 20.000 visitantes de 50 pa\u00edses y todos los estados brasile\u00f1os<\/strong><\/li>\n\n\n\n<li><strong>132 ponentes de 10 pa\u00edses y 71 horas de contenido<\/strong><\/li>\n\n\n\n<li><strong>Participaci\u00f3n in situ de socios internacionales de IFAT como DWA, ISWA, IDB, RETech, AIDIS, APIHA, NWP, GWP y GIZ.<\/strong><\/li>\n<\/ul>\n\n\n\n<div class=\"wp-block-buttons is-layout-flex wp-block-buttons-is-layout-flex\">\n<div class=\"wp-block-button\"><a class=\"wp-block-button__link wp-element-button\" href=\"https:\/\/mm-br.com\/es\/wp-content\/uploads\/2024\/07\/IFAT-Brasil-Balanco-VF_ESP-min.pdf\" target=\"_blank\" rel=\"noreferrer noopener\"><meta charset=\"utf-8\">Descargue este comunicado de prensa<\/a><\/div>\n<\/div>\n\n\n\n<p><\/p>\n\n\n\n<p>La primera edici\u00f3n de <strong>IFAT Brasil<\/strong>, la Feria Internacional de Soluciones para Agua, Alcantarillado, Drenaje y Recuperaci\u00f3n de Residuos, fue un evento decisivo para el mercado de saneamiento en Brasil, presentando las principales tecnolog\u00edas mundiales para contribuir al objetivo de universalizar los servicios de agua y alcantarillado para el pueblo brasile\u00f1o hasta el a\u00f1o 2033. El certamen, organizado por Messe Muenchen do Brasil entre el 24 y el 26 de abril en S\u00e3o Paulo, reuni\u00f3 a m\u00e1s de 160 marcas nacionales e internacionales procedentes de 16 pa\u00edses.<\/p>\n\n\n\n<p>Durante los tres d\u00edas que dur\u00f3 el certamen, la S\u00e3o Paulo Expo recibi\u00f3 a m\u00e1s de 20.000 visitantes de 50 pa\u00edses. Los expositores consideraron que el p\u00fablico era altamente cualificado, ya que estaba formado por representantes de ayuntamientos, departamentos estatales, municipales y federales, agencias y organismos reguladores, ingenieros medioambientales, operadores privados de gesti\u00f3n de agua, alcantarillado y residuos s\u00f3lidos, ingenieros medioambientales, empresarios del sector, agencias de desarrollo, inversores, instituciones acad\u00e9micas y de investigaci\u00f3n e innovaci\u00f3n y empresas emergentes.&nbsp;<\/p>\n\n\n\n<p>&#8220;Hemos conseguido nuestro objetivo de conectar las principales soluciones y tecnolog\u00edas medioambientales con todos los agentes implicados en el saneamiento, proporcionando el mejor entorno de networking, conocimiento y negocio para los expositores y profesionales participantes. Este encuentro ser\u00e1 ciertamente importante para el sector, generando oportunidades de mejora de la infraestructura existente para la instalaci\u00f3n de nuevas estructuras que atiendan las demandas de la poblaci\u00f3n&#8221;, afirma Rolf Pickert, CEO de Messe Muenchen do Brasil.<\/p>\n\n\n\n<p>Renan Utri Andreguetto, gerente de IFAT Brasil, se\u00f1al\u00f3 que la tecnolog\u00eda medioambiental es un fuerte aliado para lograr la universalizaci\u00f3n del suministro de agua tratada y la recogida y tratamiento de aguas residuales en Brasil y en toda la regi\u00f3n, pero tambi\u00e9n para afrontar los retos relacionados con el drenaje urbano y la gesti\u00f3n de residuos s\u00f3lidos, incluida la erradicaci\u00f3n de los vertederos, los avances en los niveles de reciclaje y su aplicaci\u00f3n como soluci\u00f3n energ\u00e9tica. &#8220;La feria reuni\u00f3 las principales soluciones e innovaciones utilizadas en estas \u00e1reas en varios pa\u00edses del mundo, se\u00f1alando tendencias y algunas formas en que pueden aplicarse en la regi\u00f3n en beneficio de las personas.&#8221;<\/p>\n\n\n\n<p><strong>M\u00e1s de 71 horas de contenido en conferencias y charlas t\u00e9cnicas<\/strong><\/p>\n\n\n\n<p>Punto de encuentro del saneamiento en Am\u00e9rica Latina, <strong>IFAT Brasil<\/strong> tambi\u00e9n fue clave para debatir los principales temas relacionados con el sector, presentar casos en tecnolog\u00edas ambientales, revelar las tendencias del mercado, evaluar soluciones a los desaf\u00edos del \u00e1rea y acercar gobiernos, autoridades locales, inversores y operadores a fabricantes, industrias, empresas y prestadores de servicios de saneamiento.<\/p>\n\n\n\n<p>El Congreso Internacional IFAT Brasil, los Speakers Corners y el Pabell\u00f3n de la Innovaci\u00f3n, en colaboraci\u00f3n con ISLE Utilities, una de las mayores agencias mundiales de inteligencia sobre innovaci\u00f3n en el sector del agua, promovieron m\u00e1s de 71 horas de contenido durante los tres d\u00edas del evento, con la participaci\u00f3n de 132 expertos de Brasil y del extranjero.<\/p>\n\n\n\n<p>La agenda del <strong>Congreso Internacional IFAT Brasil<\/strong> cont\u00f3, por ejemplo, con la participaci\u00f3n del Banco Interamericano de Desarrollo (BID), el Banco Nacional de Desarrollo Econ\u00f3mico y Social (BNDES), la Agencia Nacional de Aguas y Saneamiento B\u00e1sico (ANA), el Departamento de Aguas y Energ\u00eda El\u00e9ctrica (DAEE), autoridad del gobierno del estado de S\u00e3o Paulo. Entre los socios internacionales figuran: la Asociaci\u00f3n Interamericana de Ingenier\u00eda Sanitaria y Ambiental (AIDIS), la Asociaci\u00f3n Internacional de Residuos S\u00f3lidos (ISWA), la Asociaci\u00f3n Alemana de Fabricantes de Maquinaria e Instalaciones Industriales (VDMA) e ISLE Utilities. Las organizaciones nacionales organizaron actos: Asociaci\u00f3n Brasile\u00f1a de Cemento Portland (ABCP), ABES-RS (Asociaci\u00f3n Brasile\u00f1a de Ingenier\u00eda Sanitaria y Ambiental, Secci\u00f3n Rio Grande do Sul), ABIMAQ (Asociaci\u00f3n Brasile\u00f1a de la Industria de M\u00e1quinas y Equipamientos), ABIOG\u00c1S (Asociaci\u00f3n Brasile\u00f1a de Biog\u00e1s), ABREMA (Asociaci\u00f3n Brasile\u00f1a de Empresas de Residuos y Medio Ambiente), ABREN (Asociaci\u00f3n Brasile\u00f1a de Valorizaci\u00f3n Energ\u00e9tica de Residuos), C\u00e1mara Brasil-Alemania (AHK do Brasil) e Instituto Trata Brasil.<\/p>\n\n\n\n<p>El <strong>Pabell\u00f3n de la Innovaci\u00f3n<\/strong> fue el epicentro de los \u00faltimos descubrimientos y avances tecnol\u00f3gicos en el sector, mostrando el potencial de crecimiento y mejor prestaci\u00f3n de servicios en saneamiento. All\u00ed se celebr\u00f3 el Premio <strong>IFAT Brasil a la Tecnolog\u00eda Innovadora<\/strong>, que galardon\u00f3 a LG Sonic &#8211; Pa\u00edses Bajos, Colifast &#8211; Noruega y Renix &#8211; Canad\u00e1 por sus tecnolog\u00edas y contribuciones que est\u00e1n transformando el mercado. Esta iniciativa cont\u00f3 con la participaci\u00f3n de Netherlands Water Partnership y Xylem Vue powered by GoAigua como patrocinadores principales; y de SANEPAR y SABESP como patrocinadores institucionales y jueces del concurso.<\/p>\n\n\n\n<p>Los <strong>Speakers Corners<\/strong> atrajeron a un p\u00fablico interesado en conocer los resultados de las tecnolog\u00edas aplicadas por empresas pioneras y l\u00edderes del sector de la tecnolog\u00eda medioambiental: Acqua Expert, B&amp;F Dias, Bentley, Huber, Provedal, Sparkio y Vibropac.<\/p>\n\n\n\n<p><strong>Concurso de estudiantes<\/strong><\/p>\n\n\n\n<p>IFAT Brasil fue sede de la primera edici\u00f3n del <strong>University Challenge<\/strong>, importante competici\u00f3n mundial de estudiantes de ingenier\u00eda promovida por la Asociaci\u00f3n Alemana de Agua, Aguas Residuales y Residuos (DWA), que lleg\u00f3 a Brasil con el apoyo institucional de la Casa Alemana de Ciencia e Innovaci\u00f3n (DWIH) S\u00e3o Paulo.<\/p>\n\n\n\n<p>Los ocho grupos formados por estudiantes de ingenier\u00eda realizaron tareas de distintas disciplinas, como recorrer la zona de empresas europeas de la feria y elegir dos soluciones que pudieran implantarse en ciudades brasile\u00f1as. Para los alumnos Arthur Anhaia, Maria Morais y Murillo Bednarczuk, del 5\u00ba cuatrimestre del curso de ingenier\u00eda civil de la Universidad Federal de Paran\u00e1 (UFPR), participar en el desaf\u00edo y conocer las soluciones propuestas por las empresas ampli\u00f3 su visi\u00f3n del mercado al comprender c\u00f3mo se implementan las tecnolog\u00edas.<\/p>\n\n\n\n<p>&#8220;Vinimos con enfoque en aprender m\u00e1s sobre estructuraci\u00f3n sanitaria. Y en IFAT Brasil, descubrimos que las soluciones van mucho m\u00e1s all\u00e1 de la estructuraci\u00f3n sanitaria. Encontramos aplicaciones en hidr\u00e1ulica, mec\u00e1nica de fluidos y otras \u00e1reas que estudiamos en nuestro curso&#8221;, dijeron los estudiantes. &#8220;La experiencia fue incre\u00edble y nos vamos a llevar muchas lecciones a nuestra graduaci\u00f3n&#8221;, concluyeron.<\/p>\n\n\n\n<p><strong>Conozca los testimonios de algunos de los expositores que participaron en IFAT Brasil 2024<\/strong><\/p>\n\n\n\n<p>&#8221; El SABESP ha programado 19 cursos, que se impartir\u00e1n a lo largo de los tres d\u00edas. En cada caso participaron m\u00e1s de 50 personas, con total interactividad. Unas 1.000 personas participaron en esta iniciativa, lo que demuestra el inter\u00e9s de los visitantes por la informaci\u00f3n esencialmente t\u00e9cnica. IFAT es una de las mayores ferias mundiales del sector. Y para SABESP, exponente en materia de saneamiento en S\u00e3o Paulo y referencia para todo Brasil, la participaci\u00f3n era fundamental. Nos reunimos con socios potenciales, siempre con una interactividad favorable. Fue una oportunidad para mostrar las exigencias de nuestra empresa y crear una relaci\u00f3n a\u00fan m\u00e1s estrecha con el p\u00fablico t\u00e9cnico, adem\u00e1s de promover una serie de entendimientos con los proveedores.&#8221;<\/p>\n\n\n\n<p>Cristina Kn\u00f6rich Zuffo &#8211; Superintendente de Investigaci\u00f3n, Desarrollo e Innovaci\u00f3n de SABESP<\/p>\n\n\n\n<p>Nos sorprendi\u00f3, no esper\u00e1bamos el n\u00famero de visitantes cualificados que tuvimos en nuestro stand, no s\u00f3lo brasile\u00f1os, sino muchos hispanohablantes. Aprovecho la ocasi\u00f3n para felicitar a Renan Andreguetto por su gira por Am\u00e9rica Latina. Era muy importante porque tenemos todo lo necesario para ser una referencia en la regi\u00f3n. Sin duda volveremos el a\u00f1o que viene.<\/p>\n\n\n\n<p>Estela Testa &#8211; presidenta de Sindesam y CEO Latam Pieralisi<\/p>\n\n\n\n<p>&#8220;Como empresa alemana, participamos en todas las ediciones de IFAT en Alemania. Por eso esta feria nos resulta muy familiar. Cuando supimos que se iba a celebrar la primera edici\u00f3n brasile\u00f1a, decidimos participar inmediatamente, con la intenci\u00f3n de conocer el evento como parte de la cultura del mercado nacional. Muchos de nuestros clientes en el mundo no lo sab\u00edan. Decidimos invitarles a visitarnos para que participaran en nuestra decisi\u00f3n. Tuvimos el honor de asistir a una feria muy concurrida, con un buen nivel de visitas y consultas t\u00e9cnicas de un p\u00fablico profesional&#8221;.<\/p>\n\n\n\n<p>Erick Vitorino &#8211; director general de ACO<\/p>\n\n\n\n<p>&#8220;En Albrecht estamos encantados de participar en esta primera edici\u00f3n de IFAT Brasil. Fue realmente sorprendente, \u00a1extraordinario! Tanto para los expositores como para los visitantes, es un acontecimiento muy enriquecedor. S\u00f3lo podemos estar agradecidos por la oportunidad de celebrar este evento aqu\u00ed en Brasil&#8221;.<\/p>\n\n\n\n<p>Christine Albrecht Althoff &#8211; directora general Albrecht<\/p>\n\n\n\n<p>&#8220;Ten\u00edamos grandes expectativas puestas en IFAT porque ya hab\u00edamos estado en la feria en otros pa\u00edses y sab\u00edamos lo fuerte que era. Y quer\u00edamos saber si esto se traducir\u00eda aqu\u00ed, en Brasil. La elecci\u00f3n del recinto ferial y la asociaci\u00f3n con M&amp;T Expo nos parecieron muy acertadas, porque la combinaci\u00f3n de ambas atrajo a muchos visitantes. En resumen, la feria super\u00f3 con creces nuestras expectativas. Lo que tambi\u00e9n nos llam\u00f3 la atenci\u00f3n fue que tuvimos un elevado n\u00famero de visitantes t\u00e9cnicos y eso fue excelente. Hubo momentos en que ni siquiera ten\u00edamos espacio suficiente para atender a todos en el stand&#8221;.<\/p>\n\n\n\n<p>William Padilha &#8211; Director de Nuevos Negocios del Grupo Ambiensys<\/p>\n\n\n\n<p>&#8220;El principal objetivo de Ambipar en esta primera edici\u00f3n nacional de IFAT es posicionar a la compa\u00f1\u00eda como una plataforma de soluciones globales, centrada en la gesti\u00f3n de residuos, la valorizaci\u00f3n y la circularidad, as\u00ed como la gesti\u00f3n y el uso consciente del agua y los efluentes. Sin duda, nuestra participaci\u00f3n est\u00e1 generando clientes potenciales&#8221;.<\/p>\n\n\n\n<p>Juliana Coutinho &#8211; Gerente Comercial de Ambipar<\/p>\n\n\n\n<p>&#8220;Esta feria ha respondido plenamente a nuestras expectativas. Es natural hacer comparaciones con otros eventos a los que hemos asistido, y nos damos cuenta de que en IFAT la cantidad de visitantes est\u00e1 a la altura de la calidad del p\u00fablico, a diferencia de otros eventos, en los que hay muchos visitantes pero pocos de ellos son realmente clientes potenciales. Nuestro objetivo, para una primera edici\u00f3n, es hacernos una idea de lo que busca actualmente el mercado. Por eso participamos en este evento con el objetivo de demostrar productos, escuchar lo que quieren los clientes y establecer contactos. En otras palabras, estamos midiendo la temperatura de este mercado, que sin duda es t\u00e9cnico. Y la IFAT demostr\u00f3 ser un buen term\u00f3metro&#8221;.<\/p>\n\n\n\n<p>Roberto Horii &#8211; Gerente de Desarrollo de Negocio de Atlas Copco<\/p>\n\n\n\n<p>&#8220;Como ya es una feria conocida y respetada en el extranjero, B&amp;F Dias decidi\u00f3 apostar por esta primera oportunidad para el evento en Brasil. Hab\u00eda dudas sobre si obtendr\u00edamos un buen rendimiento o no, y nos sorprendi\u00f3 el n\u00famero de oportunidades que se generaron y la calidad de los visitantes. Sin duda participaremos en la pr\u00f3xima edici\u00f3n. Recibimos muchas visitas de gente de Latinoam\u00e9rica y conseguimos acercarnos a un p\u00fablico que nos resultaba un poco lejano&#8221;.<\/p>\n\n\n\n<p>Felipe Medeiros &#8211; Gerente T\u00e9cnico-Comercial de la Divisi\u00f3n de Efluentes de B&amp;F Dias<\/p>\n\n\n\n<p>&#8220;Estamos muy satisfechos con la feria, con muchos contactos nuevos. Nuestros ca\u00f1ones nebulizadores para contener part\u00edculas en la atm\u00f3sfera est\u00e1n teniendo muy buena acogida entre el p\u00fablico&#8221;.<\/p>\n\n\n\n<p>Andr\u00e9 Felipe Costa de Souza &#8211; Director General de CHB Rental<\/p>\n\n\n\n<p>&#8220;Puedo decir que nuestra presencia en esta feria ha sido muy buena en todos los sentidos: en cuanto a organizaci\u00f3n, asistencia, resultados y publicidad. En mi opini\u00f3n, la celebraci\u00f3n de dos ferias simult\u00e1neas contribuy\u00f3 a aumentar el n\u00famero de visitantes y cre\u00f3 una saludable sinergia entre los dos p\u00fablicos, que vinieron de todo Brasil y estaban deseosos de hacer buenos negocios. Una feria iba muy bien con la otra. Creo que la pr\u00f3xima IFAT ser\u00e1 m\u00e1s grande. No es una feria cuantitativa, sino cualitativa, que atrae a profesionales. Este es el p\u00fablico que nos interesa. Una feria del calibre de IFAT acelera las negociaciones, genera oportunidades y fomenta la difusi\u00f3n de conocimientos t\u00e9cnicos&#8221;.<\/p>\n\n\n\n<p>Arnaldo Casselli &#8211; Director Comercial de Envimat<\/p>\n\n\n\n<p>&#8220;La primera IFAT reuni\u00f3 a un p\u00fablico de excelente calidad t\u00e9cnica, hecho que no es habitual en otras ferias, que atraen a muchos curiosos. Ha sido una feria bien orientada, publicitada y que ha atra\u00eddo a visitantes extranjeros. Con un p\u00fablico m\u00e1s selecto, pudimos atender mejor a todos los que nos visitaron. Adem\u00e1s, IFAT ayuda a establecer nuestra marca, porque queremos presentar la nueva identidad de GF+FGS. Pudimos hacer negociaciones eficaces, que podr\u00edan dar buenos frutos despu\u00e9s de la feria&#8221;.<\/p>\n\n\n\n<p>Adriano Meirelles &#8211; Director Comercial &#8211; GF+FGS<\/p>\n\n\n\n<p>Las expectativas se cumplieron plenamente, se superaron a decir verdad. Desde el primer d\u00eda, nuestro stand estuvo muy concurrido. Atendemos a mucha gente de otros pa\u00edses latinoamericanos, lo cual es muy interesante porque siempre est\u00e1n buscando exportar y la IFAT lo est\u00e1 facilitando mucho. Para nuestro segmento, las ferias sirven mucho para estrechar relaciones, lo que es muy importante para nosotros.&#8221;<\/p>\n\n\n\n<p>Fl\u00e1vio Alcantara, director de Hidro Solo<\/p>\n\n\n\n<p>&#8220;La mayor\u00eda de los visitantes de IFAT 2024 ya son clientes nuestros y la mayor\u00eda de ellos trabajan con empresas de limpieza p\u00fablica para municipios. La feria atrajo a profesionales de todo Brasil, procedentes de todas las regiones, as\u00ed como del Mercosur. Comprendo que participar en una feria no siempre permite negociar sobre el terreno, pero favorece la creaci\u00f3n de redes y estimula los contactos duraderos. En otras palabras, la atenci\u00f3n al cliente en las ferias requiere tiempo para madurar las negociaciones, sobre todo cuando se trata de concesionarios o empresas p\u00fablicas, porque todo se basa en licitaciones. La primera edici\u00f3n de IFAT nos permiti\u00f3 darnos cuenta de que estamos ante un evento prometedor en Brasil, manteniendo el concepto de las ediciones de renombre que se celebran en otros pa\u00edses.&#8221;<\/p>\n\n\n\n<p>Luiz Antonio Carvalho &#8211; Director Comercial de Planalto<\/p>\n\n\n\n<p>&#8220;Estamos palpando los resultados de esta feria, ya que es la primera edici\u00f3n. As\u00ed que todo es muy nuevo, pero ya tenemos la sensaci\u00f3n de que el acontecimiento ha superado nuestras expectativas. Y al igual que nosotros, los expositores, los visitantes tambi\u00e9n est\u00e1n conociendo la feria sin demasiadas pretensiones. Atendemos a muchos visitantes del Mercosur, pero tambi\u00e9n de todo el pa\u00eds, incluidos estados lejanos como Par\u00e1, Alagoas y Rio Grande do Sul. Por supuesto, la gran mayor\u00eda son de S\u00e3o Paulo y R\u00edo de Janeiro. Es un p\u00fablico filtrado que sabe lo que quiere y busca esencialmente conocimientos t\u00e9cnicos. Me pareci\u00f3 que el 75% de los visitantes eran profesionales especializados. Si el certamen se celebra el a\u00f1o que viene, nuestra empresa tendr\u00e1 una presencia confirmada, porque el mercado echaba en falta una feria especializada en saneamiento. Ocurri\u00f3 en un momento excelente&#8221;.<\/p>\n\n\n\n<p>Eduardo Coelho &#8211; socio-propietario de Prensmaq<\/p>\n\n\n\n<p>&#8220;Un evento que atrajo a muchos profesionales y empresarios del Mercosur. Por supuesto, el n\u00famero de visitas de brasile\u00f1os es mucho mayor, pero en nuestro stand tambi\u00e9n vemos a muchos uruguayos, canadienses, chilenos y alemanes. Esto se debe a que IFAT es una feria muy fuerte en el extranjero que atrae a un p\u00fablico profesional. Y debido a esta fuerza internacional, la feria atrajo a un p\u00fablico de una calidad que nos sorprendi\u00f3. Y creo que la mezcla de dos ferias despert\u00f3 la curiosidad del p\u00fablico de M&amp;T Expo, lo que fue muy bueno para nuestra empresa. Porque pudimos presentar nuestro producto a gente que no lo conoc\u00eda. Es un acontecimiento que ofrece informaci\u00f3n, aprendizaje y tecnolog\u00eda. Al ser la primera edici\u00f3n, fue muy concurrida, lo que nos permiti\u00f3 consolidar nuestra relaci\u00f3n comercial con varios clientes, algo que no esper\u00e1bamos&#8221;.<\/p>\n\n\n\n<p>Juliana Vecchi &#8211; Directora de Marketing de Rotex<\/p>\n\n\n\n<p>&#8220;Un evento maravilloso, muy bien estructurado, que atrajo a los profesionales que toman las decisiones en la empresa. Alrededor del 80% de nuestros visitantes eran personas con amplios conocimientos t\u00e9cnicos que trabajan en el sector del saneamiento p\u00fablico y privado. Recibimos en nuestro stand a numerosos visitantes del Mercosur. Tanto es as\u00ed que tuve que quedarme en el stand y no fue posible visitar toda la feria, debido a la demanda de visitantes que atend\u00ed durante los tres d\u00edas&#8221;.<\/p>\n\n\n\n<p>Rogerio Serodio &#8211; Director Comercial de Sigma<\/p>\n\n\n\n<p>&#8220;Casualmente, hoy hemos desayunado con el c\u00f3nsul suizo para analizar el nivel profesional de esta feria. Ya conoc\u00edamos el IFAT de Monique y decidimos participar con una prueba. Tuvimos el placer de vivir tres d\u00edas con un p\u00fablico diferente, con un intenso volumen de visitantes desde el principio hasta el final del periodo comprendido entre las 13.00 y las 20.00 horas. Muchos de ellos no conoc\u00edan nuestras soluciones y, entre esas visitas, recibimos a profesionales que buscaban proveedores para empresas p\u00fablicas que se preparan para la privatizaci\u00f3n. La mayor concentraci\u00f3n fue brasile\u00f1a, pero el acontecimiento atrajo a personas de toda Am\u00e9rica Latina. Es un p\u00fablico que sabe lo que quiere. Y la publicidad bien dirigida ayud\u00f3 a crear este nivel de visitas&#8221;.<\/p>\n\n\n\n<p>Isadora Cataldo &#8211; Gerente de Marketing de Sulzer<\/p>\n\n\n\n<p>&#8220;Nuestra empresa celebra haber ganado el t\u00edtulo de Expositor del A\u00f1o 2024, otorgado por la organizaci\u00f3n de IFAT 2024. Esto ya es motivo de orgullo para nuestra empresa. Pero hay mucho m\u00e1s que celebrar. Esta feria nos ha brindado la oportunidad de prospectar nuevos clientes y hemos recibido en nuestro stand a grandes instituciones que buscan tecnolog\u00edas viables para el tratamiento del agua. Surgieron oportunidades para generar nuevas asociaciones y participar en nuevos proyectos. El acontecimiento cumpli\u00f3 nuestras expectativas, incluso nos ayud\u00f3 a dar a conocer nuestra marca gracias a nuestra participaci\u00f3n. En otras palabras, es un evento que ayuda a promocionar las empresas participantes&#8221;.<\/p>\n\n\n\n<p>Jair Jos\u00e9 de Souza &#8211; Director Comercial Adjunto de Tequaly<\/p>\n\n\n\n<p>&nbsp;&#8220;La feria est\u00e1 atrayendo visitantes de todo Brasil y tambi\u00e9n del Mercosur, con un perfil selecto. Para ser su primera edici\u00f3n, IFAT 2024 nos sorprendi\u00f3 con un p\u00fablico espec\u00edfico, formado por consultores, ingenieros y expertos en saneamiento. Una feria realmente buena. Cuando decidimos participar, no nos marcamos el objetivo de generar negocio, sino de dar a conocer el evento a este mismo p\u00fablico&#8221;.<\/p>\n\n\n\n<p>Ademir Albernas &#8211; Gerente Comercial de VOGELSANG<\/p>\n\n\n\n<p>&#8220;IFAT 2024 ha cumplido nuestras expectativas y estamos recibiendo un gran contingente de visitantes, lo que realmente ha justificado nuestra inversi\u00f3n en este evento. Los organizadores de la feria centraron sus esfuerzos en la comunicaci\u00f3n y el marketing, lo que reforz\u00f3 la calidad del p\u00fablico. Podremos ampliar nuestra lista de clientes y buscar nuevos negocios. Ha sido una feria excelentemente organizada, en la que nos hemos sentido atendidos, con todas las normas muy bien presentadas y una producci\u00f3n muy bien estructurada. Sin duda volveremos para la pr\u00f3xima edici\u00f3n&#8221;.<\/p>\n\n\n\n<p>Jesica Rocha Meneses &#8211; Directora de Marketing de Wilo<\/p>\n\n\n\n<p><strong>Website:<\/strong> <a href=\"https:\/\/es.ifatbrasil.com.br\/\">https:\/\/es.ifatbrasil.com.br\/<\/a><\/p>\n\n\n\n<p><strong>Acerca de Messe M\u00fcnchen<\/strong><\/p>\n\n\n\n<p>Como una de las empresas feriales m\u00e1s grandes del mundo, con alrededor de 50 ferias de bienes de equipo, bienes de consumo y nuevas tecnolog\u00edas, Messe M\u00fcnchen establece nuevos est\u00e1ndares en innovaci\u00f3n, flexibilidad y networking. Junto con ferias internacionales l\u00edderes como bauma, electr\u00f3nica, IFAT y BAU, Messe M\u00fcnchen ampl\u00eda constantemente su cartera a\u00f1adiendo, por ejemplo, formatos digitales. En su sede de M\u00fanich acoge ferias, conferencias y eventos de gran calidad. Opera en todos los mercados importantes en crecimiento, como China, India, Brasil y Turqu\u00eda. Con su red de empresas asociadas y agencias extranjeras, est\u00e1 presente en m\u00e1s de 100 pa\u00edses.<\/p>\n\n\n\n<p><strong>Acerca de Messe&nbsp;Muenchen&nbsp;do Brasil<\/strong>&nbsp;<\/p>\n\n\n\n<p>Como parte de la estrategia de expansi\u00f3n internacional, en 2017 se fund\u00f3 la filial Messe Muenchen do Brasil con el prop\u00f3sito de llevar al mercado nacional los niveles de excelencia e innovaci\u00f3n establecidos en la sede en Alemania y apoyar el desarrollo de ferias de negocios en una direcci\u00f3n especializada e internacionalizado.<\/p>\n","protected":false},"excerpt":{"rendered":"<p>Com a retomada da economia p\u00f3s-pandemia, vislumbrando crescimento na gera\u00e7\u00e3o de neg\u00f3cios, a Messe Muenchen do Brasil, juntamente com sua parceira institucional, a Associa\u00e7\u00e3o Brasileira de Tecnologia para Constru\u00e7\u00e3o e Minera\u00e7\u00e3o (Sobratema), confirmam a 11\u00aa edi\u00e7\u00e3o da M&#038;T Expo \u2013 Feira Internacional de Equipamentos para Constru\u00e7\u00e3o e Minera\u00e7\u00e3o, que ocorrer\u00e1 entre os dias 5 e 8 de julho de 2021, no S\u00e3o Paulo Expo Exhibition &#038; Convention Center.<\/p>\n","protected":false},"author":1,"featured_media":1580,"comment_status":"open","ping_status":"open","sticky":false,"template":"","format":"standard","meta":[],"categories":[20],"tags":[23,27],"class_list":["post-1579","post","type-post","status-publish","format-standard","has-post-thumbnail","hentry","category-eventos","tag-feira","tag-ifat-brasil","category-20","description-off"],"_links":{"self":[{"href":"https:\/\/mm-br.com\/es\/wp-json\/wp\/v2\/posts\/1579","targetHints":{"allow":["GET"]}}],"collection":[{"href":"https:\/\/mm-br.com\/es\/wp-json\/wp\/v2\/posts"}],"about":[{"href":"https:\/\/mm-br.com\/es\/wp-json\/wp\/v2\/types\/post"}],"author":[{"embeddable":true,"href":"https:\/\/mm-br.com\/es\/wp-json\/wp\/v2\/users\/1"}],"replies":[{"embeddable":true,"href":"https:\/\/mm-br.com\/es\/wp-json\/wp\/v2\/comments?post=1579"}],"version-history":[{"count":3,"href":"https:\/\/mm-br.com\/es\/wp-json\/wp\/v2\/posts\/1579\/revisions"}],"predecessor-version":[{"id":1586,"href":"https:\/\/mm-br.com\/es\/wp-json\/wp\/v2\/posts\/1579\/revisions\/1586"}],"wp:featuredmedia":[{"embeddable":true,"href":"https:\/\/mm-br.com\/es\/wp-json\/wp\/v2\/media\/1580"}],"wp:attachment":[{"href":"https:\/\/mm-br.com\/es\/wp-json\/wp\/v2\/media?parent=1579"}],"wp:term":[{"taxonomy":"category","embeddable":true,"href":"https:\/\/mm-br.com\/es\/wp-json\/wp\/v2\/categories?post=1579"},{"taxonomy":"post_tag","embeddable":true,"href":"https:\/\/mm-br.com\/es\/wp-json\/wp\/v2\/tags?post=1579"}],"curies":[{"name":"wp","href":"https:\/\/api.w.org\/{rel}","templated":true}]}}